{"id":1613,"date":"2025-12-04T18:13:56","date_gmt":"2025-12-04T17:13:56","guid":{"rendered":"https:\/\/webidentity.ch\/?p=1613"},"modified":"2025-12-04T18:13:57","modified_gmt":"2025-12-04T17:13:57","slug":"it-pragmatique-la-vraie-digitalisation-des-pme","status":"publish","type":"post","link":"https:\/\/webidentity.ch\/fr\/resources\/whitepapers\/it-pragmatique-la-vraie-digitalisation-des-pme\/","title":{"rendered":"L\u2019IT pragmatique : la vraie digitalisation des PME"},"content":{"rendered":"\n<p>On parle beaucoup de \u201cdigitalisation\u201d, d\u2019ERP, de transformation profonde\u2026<br>Mais pour la majorit\u00e9 des PME suisses, ce n\u2019est <strong>pas<\/strong> ce qui change r\u00e9ellement le quotidien.<\/p>\n\n\n\n<p>La vraie valeur vient des <strong>micro-am\u00e9liorations<\/strong>, celles qui se mettent en place rapidement et qui transforment imm\u00e9diatement l\u2019efficacit\u00e9 d\u2019une \u00e9quipe.<\/p>\n\n\n\n<p>Chez Webidentity, nous appelons cela : <strong>l\u2019IT pragmatique<\/strong>.<\/p>\n\n\n\n<hr class=\"wp-block-separator has-alpha-channel-opacity\"\/>\n\n\n\n<h2 class=\"wp-block-heading\"><strong>1. Automatiser ce qui peut l\u2019\u00eatre<\/strong><\/h2>\n\n\n\n<p>Une petite automatisation peut remplacer des dizaines d\u2019emails internes ou de t\u00e2ches r\u00e9p\u00e9titives.<\/p>\n\n\n\n<p>Exemples simples :<\/p>\n\n\n\n<ul class=\"wp-block-list\">\n<li>relances automatiques<\/li>\n\n\n\n<li>cr\u00e9ation automatique de t\u00e2ches<\/li>\n\n\n\n<li>notifications internes<\/li>\n\n\n\n<li>synchronisation entre formulaires, listes et Teams<\/li>\n<\/ul>\n\n\n\n<p>C\u2019est rapide, concret, et imm\u00e9diatement rentable.<\/p>\n\n\n\n<hr class=\"wp-block-separator has-alpha-channel-opacity\"\/>\n\n\n\n<h2 class=\"wp-block-heading\"><strong>2. Structurer SharePoint pour \u00e9viter le chaos<\/strong><\/h2>\n\n\n\n<p>La plupart des PME utilisent Microsoft 365\u2026 mais tr\u00e8s peu ont une arborescence claire.<br>R\u00e9sultat : pertes de fichiers, doublons, mauvaises versions.<\/p>\n\n\n\n<p>Une structure logique et adapt\u00e9e change tout :<\/p>\n\n\n\n<ul class=\"wp-block-list\">\n<li>\u2714 documents retrouv\u00e9s imm\u00e9diatement<\/li>\n\n\n\n<li>\u2714 collaboration fluide<\/li>\n\n\n\n<li>\u2714 pr\u00e9paration \u00e0 la croissance<\/li>\n<\/ul>\n\n\n\n<hr class=\"wp-block-separator has-alpha-channel-opacity\"\/>\n\n\n\n<h2 class=\"wp-block-heading\"><strong>3. S\u00e9curiser les appareils d\u00e8s maintenant<\/strong><\/h2>\n\n\n\n<p>Un seul appareil non s\u00e9curis\u00e9 peut mettre toute l\u2019entreprise en danger.<br>Gr\u00e2ce \u00e0 Intune et Microsoft 365 :<\/p>\n\n\n\n<ul class=\"wp-block-list\">\n<li>\u2714 chiffrement automatique<\/li>\n\n\n\n<li>\u2714 conformit\u00e9 des appareils<\/li>\n\n\n\n<li>\u2714 blocage des acc\u00e8s suspects<\/li>\n\n\n\n<li>\u2714 r\u00e9duction forte des risques de phishing<\/li>\n<\/ul>\n\n\n\n<hr class=\"wp-block-separator has-alpha-channel-opacity\"\/>\n\n\n\n<h2 class=\"wp-block-heading\"><strong>4. Standardiser l\u2019onboarding<\/strong><\/h2>\n\n\n\n<p>\u00c0 chaque nouvel employ\u00e9, on perd souvent du temps : comptes, acc\u00e8s, apps, structure\u2026<br>Un onboarding standardis\u00e9 permet :<\/p>\n\n\n\n<ul class=\"wp-block-list\">\n<li>\u2714 un collaborateur op\u00e9rationnel d\u00e8s le premier jour<\/li>\n\n\n\n<li>\u2714 moins d\u2019erreurs<\/li>\n\n\n\n<li>\u2714 une image professionnelle solide<\/li>\n<\/ul>\n\n\n\n<hr class=\"wp-block-separator has-alpha-channel-opacity\"\/>\n\n\n\n<h2 class=\"wp-block-heading\"><strong>\ud83c\udfaf\u00a0Conclusion<\/strong><\/h2>\n\n\n\n<p>La digitalisation, ce n\u2019est pas forc\u00e9ment de grands projets.<br>Pour beaucoup de PME, ce sont <strong>ces petites am\u00e9liorations<\/strong> qui g\u00e9n\u00e8rent le plus d\u2019impact.<\/p>\n\n\n\n<p>Et c\u2019est exactement l\u00e0 que Webidentity excelle :<br><strong>Simplifier, s\u00e9curiser, structurer et automatiser \u2014 sans complexit\u00e9 inutile.<\/strong><\/p>\n","protected":false},"excerpt":{"rendered":"<p>On parle beaucoup de \u201cdigitalisation\u201d, d\u2019ERP, de transformation profonde\u2026Mais pour la majorit\u00e9 des PME suisses, ce n\u2019est pas ce qui change r\u00e9ellement le quotidien. La vraie valeur vient des micro-am\u00e9liorations, celles qui se mettent en place rapidement et qui transforment imm\u00e9diatement l\u2019efficacit\u00e9 d\u2019une \u00e9quipe. Chez Webidentity, nous appelons cela : l\u2019IT pragmatique. 1. Automatiser ce [&hellip;]<\/p>\n","protected":false},"author":1,"featured_media":1614,"comment_status":"closed","ping_status":"open","sticky":false,"template":"","format":"standard","meta":{"_acf_changed":false,"content-type":"","inline_featured_image":false,"footnotes":""},"categories":[4],"tags":[],"class_list":["post-1613","post","type-post","status-publish","format-standard","has-post-thumbnail","hentry","category-whitepapers"],"acf":[],"yoast_head":"<!-- This site is optimized with the Yoast SEO plugin v27.1.1 - https:\/\/yoast.com\/product\/yoast-seo-wordpress\/ -->\n<title>L\u2019IT pragmatique : la vraie digitalisation des PME - Webidentity<\/title>\n<meta name=\"description\" content=\"La vraie valeur vient des micro-am\u00e9liorations, celles qui se mettent en place rapidement et qui transforment imm\u00e9diatement l\u2019efficacit\u00e9 d\u2019une PME. C&#039;est l\u2019IT pragmatique.\" \/>\n<meta name=\"robots\" content=\"index, follow, max-snippet:-1, max-image-preview:large, max-video-preview:-1\" \/>\n<link rel=\"canonical\" href=\"https:\/\/webidentity.ch\/fr\/resources\/whitepapers\/it-pragmatique-la-vraie-digitalisation-des-pme\/\" \/>\n<meta property=\"og:locale\" content=\"fr_FR\" \/>\n<meta property=\"og:type\" content=\"article\" \/>\n<meta property=\"og:title\" content=\"L\u2019IT pragmatique : la vraie digitalisation des PME - Webidentity\" \/>\n<meta property=\"og:description\" content=\"La vraie valeur vient des micro-am\u00e9liorations, celles qui se mettent en place rapidement et qui transforment imm\u00e9diatement l\u2019efficacit\u00e9 d\u2019une PME. C&#039;est l\u2019IT pragmatique.\" \/>\n<meta property=\"og:url\" content=\"https:\/\/webidentity.ch\/fr\/resources\/whitepapers\/it-pragmatique-la-vraie-digitalisation-des-pme\/\" \/>\n<meta property=\"og:site_name\" content=\"Webidentity\" \/>\n<meta property=\"article:publisher\" content=\"https:\/\/www.facebook.com\/webidentity.ch\" \/>\n<meta property=\"article:published_time\" content=\"2025-12-04T17:13:56+00:00\" \/>\n<meta property=\"article:modified_time\" content=\"2025-12-04T17:13:57+00:00\" \/>\n<meta property=\"og:image\" content=\"https:\/\/webidentity.ch\/wp-content\/uploads\/2025\/12\/cover-post-digitalisation.png\" \/>\n\t<meta property=\"og:image:width\" content=\"1536\" \/>\n\t<meta property=\"og:image:height\" content=\"1024\" \/>\n\t<meta property=\"og:image:type\" content=\"image\/png\" \/>\n<meta name=\"author\" content=\"webidentity\" \/>\n<meta name=\"twitter:card\" content=\"summary_large_image\" \/>\n<meta name=\"twitter:creator\" content=\"@webidentity_ch\" \/>\n<meta name=\"twitter:site\" content=\"@webidentity_ch\" \/>\n<meta name=\"twitter:label1\" content=\"\u00c9crit par\" \/>\n\t<meta name=\"twitter:data1\" content=\"webidentity\" \/>\n\t<meta name=\"twitter:label2\" content=\"Dur\u00e9e de lecture estim\u00e9e\" \/>\n\t<meta name=\"twitter:data2\" content=\"2 minutes\" \/>\n<script type=\"application\/ld+json\" class=\"yoast-schema-graph\">{\"@context\":\"https:\/\/schema.org\",\"@graph\":[{\"@type\":\"Article\",\"@id\":\"https:\/\/webidentity.ch\/fr\/resources\/whitepapers\/it-pragmatique-la-vraie-digitalisation-des-pme\/#article\",\"isPartOf\":{\"@id\":\"https:\/\/webidentity.ch\/fr\/resources\/whitepapers\/it-pragmatique-la-vraie-digitalisation-des-pme\/\"},\"author\":{\"name\":\"webidentity\",\"@id\":\"https:\/\/webidentity.ch\/fr\/#\/schema\/person\/ffd32776021fc5df8a8413097a45deda\"},\"headline\":\"L\u2019IT pragmatique : la vraie digitalisation des PME\",\"datePublished\":\"2025-12-04T17:13:56+00:00\",\"dateModified\":\"2025-12-04T17:13:57+00:00\",\"mainEntityOfPage\":{\"@id\":\"https:\/\/webidentity.ch\/fr\/resources\/whitepapers\/it-pragmatique-la-vraie-digitalisation-des-pme\/\"},\"wordCount\":289,\"publisher\":{\"@id\":\"https:\/\/webidentity.ch\/fr\/#organization\"},\"image\":{\"@id\":\"https:\/\/webidentity.ch\/fr\/resources\/whitepapers\/it-pragmatique-la-vraie-digitalisation-des-pme\/#primaryimage\"},\"thumbnailUrl\":\"https:\/\/webidentity.ch\/wp-content\/uploads\/2025\/12\/cover-post-digitalisation.png\",\"articleSection\":[\"Guides strat\u00e9giques\"],\"inLanguage\":\"fr-FR\"},{\"@type\":\"WebPage\",\"@id\":\"https:\/\/webidentity.ch\/fr\/resources\/whitepapers\/it-pragmatique-la-vraie-digitalisation-des-pme\/\",\"url\":\"https:\/\/webidentity.ch\/fr\/resources\/whitepapers\/it-pragmatique-la-vraie-digitalisation-des-pme\/\",\"name\":\"L\u2019IT pragmatique : la vraie digitalisation des PME - Webidentity\",\"isPartOf\":{\"@id\":\"https:\/\/webidentity.ch\/fr\/#website\"},\"primaryImageOfPage\":{\"@id\":\"https:\/\/webidentity.ch\/fr\/resources\/whitepapers\/it-pragmatique-la-vraie-digitalisation-des-pme\/#primaryimage\"},\"image\":{\"@id\":\"https:\/\/webidentity.ch\/fr\/resources\/whitepapers\/it-pragmatique-la-vraie-digitalisation-des-pme\/#primaryimage\"},\"thumbnailUrl\":\"https:\/\/webidentity.ch\/wp-content\/uploads\/2025\/12\/cover-post-digitalisation.png\",\"datePublished\":\"2025-12-04T17:13:56+00:00\",\"dateModified\":\"2025-12-04T17:13:57+00:00\",\"description\":\"La vraie valeur vient des micro-am\u00e9liorations, celles qui se mettent en place rapidement et qui transforment imm\u00e9diatement l\u2019efficacit\u00e9 d\u2019une PME. C'est l\u2019IT pragmatique.\",\"breadcrumb\":{\"@id\":\"https:\/\/webidentity.ch\/fr\/resources\/whitepapers\/it-pragmatique-la-vraie-digitalisation-des-pme\/#breadcrumb\"},\"inLanguage\":\"fr-FR\",\"potentialAction\":[{\"@type\":\"ReadAction\",\"target\":[\"https:\/\/webidentity.ch\/fr\/resources\/whitepapers\/it-pragmatique-la-vraie-digitalisation-des-pme\/\"]}]},{\"@type\":\"ImageObject\",\"inLanguage\":\"fr-FR\",\"@id\":\"https:\/\/webidentity.ch\/fr\/resources\/whitepapers\/it-pragmatique-la-vraie-digitalisation-des-pme\/#primaryimage\",\"url\":\"https:\/\/webidentity.ch\/wp-content\/uploads\/2025\/12\/cover-post-digitalisation.png\",\"contentUrl\":\"https:\/\/webidentity.ch\/wp-content\/uploads\/2025\/12\/cover-post-digitalisation.png\",\"width\":1536,\"height\":1024,\"caption\":\"IT pragmatique, digitalisation\"},{\"@type\":\"BreadcrumbList\",\"@id\":\"https:\/\/webidentity.ch\/fr\/resources\/whitepapers\/it-pragmatique-la-vraie-digitalisation-des-pme\/#breadcrumb\",\"itemListElement\":[{\"@type\":\"ListItem\",\"position\":1,\"name\":\"Accueil\",\"item\":\"https:\/\/webidentity.ch\/fr\/\"},{\"@type\":\"ListItem\",\"position\":2,\"name\":\"L\u2019IT pragmatique : la vraie digitalisation des PME\"}]},{\"@type\":\"WebSite\",\"@id\":\"https:\/\/webidentity.ch\/fr\/#website\",\"url\":\"https:\/\/webidentity.ch\/fr\/\",\"name\":\"Webidentity\",\"description\":\"IT made simple\",\"publisher\":{\"@id\":\"https:\/\/webidentity.ch\/fr\/#organization\"},\"potentialAction\":[{\"@type\":\"SearchAction\",\"target\":{\"@type\":\"EntryPoint\",\"urlTemplate\":\"https:\/\/webidentity.ch\/fr\/?s={search_term_string}\"},\"query-input\":{\"@type\":\"PropertyValueSpecification\",\"valueRequired\":true,\"valueName\":\"search_term_string\"}}],\"inLanguage\":\"fr-FR\"},{\"@type\":\"Organization\",\"@id\":\"https:\/\/webidentity.ch\/fr\/#organization\",\"name\":\"Webidentity\",\"url\":\"https:\/\/webidentity.ch\/fr\/\",\"logo\":{\"@type\":\"ImageObject\",\"inLanguage\":\"fr-FR\",\"@id\":\"https:\/\/webidentity.ch\/fr\/#\/schema\/logo\/image\/\",\"url\":\"https:\/\/webidentity.ch\/wp-content\/uploads\/2025\/07\/logo-webidentity_new-slogan-blue_2.svg\",\"contentUrl\":\"https:\/\/webidentity.ch\/wp-content\/uploads\/2025\/07\/logo-webidentity_new-slogan-blue_2.svg\",\"width\":\"1024\",\"height\":\"1024\",\"caption\":\"Webidentity\"},\"image\":{\"@id\":\"https:\/\/webidentity.ch\/fr\/#\/schema\/logo\/image\/\"},\"sameAs\":[\"https:\/\/www.facebook.com\/webidentity.ch\",\"https:\/\/x.com\/webidentity_ch\",\"https:\/\/www.linkedin.com\/company\/webidentity-sarl\"]},{\"@type\":\"Person\",\"@id\":\"https:\/\/webidentity.ch\/fr\/#\/schema\/person\/ffd32776021fc5df8a8413097a45deda\",\"name\":\"webidentity\",\"image\":{\"@type\":\"ImageObject\",\"inLanguage\":\"fr-FR\",\"@id\":\"https:\/\/webidentity.ch\/fr\/#\/schema\/person\/image\/\",\"url\":\"https:\/\/secure.gravatar.com\/avatar\/055b895e04f9af883e030c3069abd637c7b17a16298a39d9f1a76054bd626175?s=96&d=mm&r=g\",\"contentUrl\":\"https:\/\/secure.gravatar.com\/avatar\/055b895e04f9af883e030c3069abd637c7b17a16298a39d9f1a76054bd626175?s=96&d=mm&r=g\",\"caption\":\"webidentity\"},\"sameAs\":[\"https:\/\/webidentity.ch\"]}]}<\/script>\n<!-- \/ Yoast SEO plugin. -->","yoast_head_json":{"title":"L\u2019IT pragmatique : la vraie digitalisation des PME - Webidentity","description":"La vraie valeur vient des micro-am\u00e9liorations, celles qui se mettent en place rapidement et qui transforment imm\u00e9diatement l\u2019efficacit\u00e9 d\u2019une PME. C'est l\u2019IT pragmatique.","robots":{"index":"index","follow":"follow","max-snippet":"max-snippet:-1","max-image-preview":"max-image-preview:large","max-video-preview":"max-video-preview:-1"},"canonical":"https:\/\/webidentity.ch\/fr\/resources\/whitepapers\/it-pragmatique-la-vraie-digitalisation-des-pme\/","og_locale":"fr_FR","og_type":"article","og_title":"L\u2019IT pragmatique : la vraie digitalisation des PME - Webidentity","og_description":"La vraie valeur vient des micro-am\u00e9liorations, celles qui se mettent en place rapidement et qui transforment imm\u00e9diatement l\u2019efficacit\u00e9 d\u2019une PME. C'est l\u2019IT pragmatique.","og_url":"https:\/\/webidentity.ch\/fr\/resources\/whitepapers\/it-pragmatique-la-vraie-digitalisation-des-pme\/","og_site_name":"Webidentity","article_publisher":"https:\/\/www.facebook.com\/webidentity.ch","article_published_time":"2025-12-04T17:13:56+00:00","article_modified_time":"2025-12-04T17:13:57+00:00","og_image":[{"width":1536,"height":1024,"url":"https:\/\/webidentity.ch\/wp-content\/uploads\/2025\/12\/cover-post-digitalisation.png","type":"image\/png"}],"author":"webidentity","twitter_card":"summary_large_image","twitter_creator":"@webidentity_ch","twitter_site":"@webidentity_ch","twitter_misc":{"\u00c9crit par":"webidentity","Dur\u00e9e de lecture estim\u00e9e":"2 minutes"},"schema":{"@context":"https:\/\/schema.org","@graph":[{"@type":"Article","@id":"https:\/\/webidentity.ch\/fr\/resources\/whitepapers\/it-pragmatique-la-vraie-digitalisation-des-pme\/#article","isPartOf":{"@id":"https:\/\/webidentity.ch\/fr\/resources\/whitepapers\/it-pragmatique-la-vraie-digitalisation-des-pme\/"},"author":{"name":"webidentity","@id":"https:\/\/webidentity.ch\/fr\/#\/schema\/person\/ffd32776021fc5df8a8413097a45deda"},"headline":"L\u2019IT pragmatique : la vraie digitalisation des PME","datePublished":"2025-12-04T17:13:56+00:00","dateModified":"2025-12-04T17:13:57+00:00","mainEntityOfPage":{"@id":"https:\/\/webidentity.ch\/fr\/resources\/whitepapers\/it-pragmatique-la-vraie-digitalisation-des-pme\/"},"wordCount":289,"publisher":{"@id":"https:\/\/webidentity.ch\/fr\/#organization"},"image":{"@id":"https:\/\/webidentity.ch\/fr\/resources\/whitepapers\/it-pragmatique-la-vraie-digitalisation-des-pme\/#primaryimage"},"thumbnailUrl":"https:\/\/webidentity.ch\/wp-content\/uploads\/2025\/12\/cover-post-digitalisation.png","articleSection":["Guides strat\u00e9giques"],"inLanguage":"fr-FR"},{"@type":"WebPage","@id":"https:\/\/webidentity.ch\/fr\/resources\/whitepapers\/it-pragmatique-la-vraie-digitalisation-des-pme\/","url":"https:\/\/webidentity.ch\/fr\/resources\/whitepapers\/it-pragmatique-la-vraie-digitalisation-des-pme\/","name":"L\u2019IT pragmatique : la vraie digitalisation des PME - Webidentity","isPartOf":{"@id":"https:\/\/webidentity.ch\/fr\/#website"},"primaryImageOfPage":{"@id":"https:\/\/webidentity.ch\/fr\/resources\/whitepapers\/it-pragmatique-la-vraie-digitalisation-des-pme\/#primaryimage"},"image":{"@id":"https:\/\/webidentity.ch\/fr\/resources\/whitepapers\/it-pragmatique-la-vraie-digitalisation-des-pme\/#primaryimage"},"thumbnailUrl":"https:\/\/webidentity.ch\/wp-content\/uploads\/2025\/12\/cover-post-digitalisation.png","datePublished":"2025-12-04T17:13:56+00:00","dateModified":"2025-12-04T17:13:57+00:00","description":"La vraie valeur vient des micro-am\u00e9liorations, celles qui se mettent en place rapidement et qui transforment imm\u00e9diatement l\u2019efficacit\u00e9 d\u2019une PME. C'est l\u2019IT pragmatique.","breadcrumb":{"@id":"https:\/\/webidentity.ch\/fr\/resources\/whitepapers\/it-pragmatique-la-vraie-digitalisation-des-pme\/#breadcrumb"},"inLanguage":"fr-FR","potentialAction":[{"@type":"ReadAction","target":["https:\/\/webidentity.ch\/fr\/resources\/whitepapers\/it-pragmatique-la-vraie-digitalisation-des-pme\/"]}]},{"@type":"ImageObject","inLanguage":"fr-FR","@id":"https:\/\/webidentity.ch\/fr\/resources\/whitepapers\/it-pragmatique-la-vraie-digitalisation-des-pme\/#primaryimage","url":"https:\/\/webidentity.ch\/wp-content\/uploads\/2025\/12\/cover-post-digitalisation.png","contentUrl":"https:\/\/webidentity.ch\/wp-content\/uploads\/2025\/12\/cover-post-digitalisation.png","width":1536,"height":1024,"caption":"IT pragmatique, digitalisation"},{"@type":"BreadcrumbList","@id":"https:\/\/webidentity.ch\/fr\/resources\/whitepapers\/it-pragmatique-la-vraie-digitalisation-des-pme\/#breadcrumb","itemListElement":[{"@type":"ListItem","position":1,"name":"Accueil","item":"https:\/\/webidentity.ch\/fr\/"},{"@type":"ListItem","position":2,"name":"L\u2019IT pragmatique : la vraie digitalisation des PME"}]},{"@type":"WebSite","@id":"https:\/\/webidentity.ch\/fr\/#website","url":"https:\/\/webidentity.ch\/fr\/","name":"Webidentity","description":"IT made simple","publisher":{"@id":"https:\/\/webidentity.ch\/fr\/#organization"},"potentialAction":[{"@type":"SearchAction","target":{"@type":"EntryPoint","urlTemplate":"https:\/\/webidentity.ch\/fr\/?s={search_term_string}"},"query-input":{"@type":"PropertyValueSpecification","valueRequired":true,"valueName":"search_term_string"}}],"inLanguage":"fr-FR"},{"@type":"Organization","@id":"https:\/\/webidentity.ch\/fr\/#organization","name":"Webidentity","url":"https:\/\/webidentity.ch\/fr\/","logo":{"@type":"ImageObject","inLanguage":"fr-FR","@id":"https:\/\/webidentity.ch\/fr\/#\/schema\/logo\/image\/","url":"https:\/\/webidentity.ch\/wp-content\/uploads\/2025\/07\/logo-webidentity_new-slogan-blue_2.svg","contentUrl":"https:\/\/webidentity.ch\/wp-content\/uploads\/2025\/07\/logo-webidentity_new-slogan-blue_2.svg","width":"1024","height":"1024","caption":"Webidentity"},"image":{"@id":"https:\/\/webidentity.ch\/fr\/#\/schema\/logo\/image\/"},"sameAs":["https:\/\/www.facebook.com\/webidentity.ch","https:\/\/x.com\/webidentity_ch","https:\/\/www.linkedin.com\/company\/webidentity-sarl"]},{"@type":"Person","@id":"https:\/\/webidentity.ch\/fr\/#\/schema\/person\/ffd32776021fc5df8a8413097a45deda","name":"webidentity","image":{"@type":"ImageObject","inLanguage":"fr-FR","@id":"https:\/\/webidentity.ch\/fr\/#\/schema\/person\/image\/","url":"https:\/\/secure.gravatar.com\/avatar\/055b895e04f9af883e030c3069abd637c7b17a16298a39d9f1a76054bd626175?s=96&d=mm&r=g","contentUrl":"https:\/\/secure.gravatar.com\/avatar\/055b895e04f9af883e030c3069abd637c7b17a16298a39d9f1a76054bd626175?s=96&d=mm&r=g","caption":"webidentity"},"sameAs":["https:\/\/webidentity.ch"]}]}},"_links":{"self":[{"href":"https:\/\/webidentity.ch\/fr\/wp-json\/wp\/v2\/posts\/1613","targetHints":{"allow":["GET"]}}],"collection":[{"href":"https:\/\/webidentity.ch\/fr\/wp-json\/wp\/v2\/posts"}],"about":[{"href":"https:\/\/webidentity.ch\/fr\/wp-json\/wp\/v2\/types\/post"}],"author":[{"embeddable":true,"href":"https:\/\/webidentity.ch\/fr\/wp-json\/wp\/v2\/users\/1"}],"replies":[{"embeddable":true,"href":"https:\/\/webidentity.ch\/fr\/wp-json\/wp\/v2\/comments?post=1613"}],"version-history":[{"count":1,"href":"https:\/\/webidentity.ch\/fr\/wp-json\/wp\/v2\/posts\/1613\/revisions"}],"predecessor-version":[{"id":1615,"href":"https:\/\/webidentity.ch\/fr\/wp-json\/wp\/v2\/posts\/1613\/revisions\/1615"}],"wp:featuredmedia":[{"embeddable":true,"href":"https:\/\/webidentity.ch\/fr\/wp-json\/wp\/v2\/media\/1614"}],"wp:attachment":[{"href":"https:\/\/webidentity.ch\/fr\/wp-json\/wp\/v2\/media?parent=1613"}],"wp:term":[{"taxonomy":"category","embeddable":true,"href":"https:\/\/webidentity.ch\/fr\/wp-json\/wp\/v2\/categories?post=1613"},{"taxonomy":"post_tag","embeddable":true,"href":"https:\/\/webidentity.ch\/fr\/wp-json\/wp\/v2\/tags?post=1613"}],"curies":[{"name":"wp","href":"https:\/\/api.w.org\/{rel}","templated":true}]}}