{"id":437,"date":"2023-06-13T14:16:00","date_gmt":"2023-06-13T12:16:00","guid":{"rendered":"https:\/\/webidentity.ch\/?p=437"},"modified":"2025-09-23T00:41:13","modified_gmt":"2025-09-22T22:41:13","slug":"webidentity-simplante-a-corcelles-payerne","status":"publish","type":"post","link":"https:\/\/webidentity.ch\/fr\/resources\/news\/webidentity-simplante-a-corcelles-payerne\/","title":{"rendered":"Webidentity s&rsquo;implante \u00e0 Corcelles-Payerne"},"content":{"rendered":"\n<p>Nous sommes ravis de vous annoncer notre pr\u00e9sence dans la commune de Corcelles-Payerne, dans la Broye.<\/p>\n\n\n\n<p>Chez Webidentity, nous croyons en la force de la proximit\u00e9 pour proposer des solutions informatiques sur-mesure.<\/p>\n\n\n\n<h2 class=\"wp-block-heading\">Pourquoi Corcelles-Payerne ?<\/h2>\n\n\n\n<p>Cette localit\u00e9 d\u00e9nombre un grand nombre d&rsquo;entreprises, notamment dans les secteurs du BTP \/ Mat\u00e9riaux de construction \/ Automobiles \/ M\u00e9tallurgie et pr\u00e9sente un potentiel immense pour la digitalisation.<\/p>\n\n\n\n<p>Notre pr\u00e9sence locale nous permettra d&rsquo;\u00eatre \u00e0 l&rsquo;\u00e9coute des besoins sp\u00e9cifiques des entreprises de la r\u00e9gion et apporter notre expertise dans leurs futurs d\u00e9fis.<\/p>\n\n\n\n<h2 class=\"wp-block-heading\">Nos offres \u00e0 proximit\u00e9<\/h2>\n\n\n\n<h3 class=\"wp-block-heading\">D\u00e9veloppement et digitalisation \ud83c\udfaf<\/h3>\n\n\n\n<p>Nous d\u00e9veloppons des outils sur-mesure pour digitaliser vos processus et t\u00e2ches manuelles. \u00c0 la cl\u00e9, un gain de temps mesurable et des processus internes optimis\u00e9s.<\/p>\n\n\n\n<h3 class=\"wp-block-heading\">H\u00e9bergement et solutions cloud \u2601\ufe0f<\/h3>\n\n\n\n<p>En tant que partenaires officiel Infomaniak, nous offrons des solutions de stockage, de sauvegarde et d&rsquo;h\u00e9bergement de vos donn\u00e9es en Suisse.<\/p>\n\n\n\n<h3 class=\"wp-block-heading\">Formations sur les outils digitaux \ud83c\udf93<\/h3>\n\n\n\n<p>La maitrise des outils informatiques est cruciale pour maintenir vos \u00e9quipes performantes. Nous dispensons des formations pour faciliter l&rsquo;adoption de vos nouveaux logiciels et renforcer les comp\u00e9tences d\u00e9j\u00e0 en place.<\/p>\n\n\n\n<h3 class=\"wp-block-heading\">Support informatique \ud83d\udedf<\/h3>\n\n\n\n<p>Nous offrons une gamme compl\u00e8te de prestations de support et de maintenance informatique adapt\u00e9e au p\u00e9rim\u00e8tre de votre parc informatique.<\/p>\n\n\n\n<h2 class=\"wp-block-heading\">Nous nous r\u00e9jouissons de votre accueil<\/h2>\n\n\n\n<p>Webidentity est d\u00e9sormais votre voisin \u00e0 Corcelles-Payerne. Nous sommes impatients de collaborer avec les entreprises locales pour contribuer \u00e0 leur succ\u00e8s dans l&rsquo;\u00e8re num\u00e9rique.<\/p>\n","protected":false},"excerpt":{"rendered":"<p>Notre nouvelle succursale \u00e0 Corcelles-Payerne, dans la Broye. Proche de vous, Webidentity est l\u00e0 pour accompagner la digitalisation de votre entreprise.<\/p>\n","protected":false},"author":1,"featured_media":447,"comment_status":"closed","ping_status":"open","sticky":false,"template":"","format":"standard","meta":{"_acf_changed":false,"content-type":"","inline_featured_image":false,"footnotes":""},"categories":[2],"tags":[],"class_list":["post-437","post","type-post","status-publish","format-standard","has-post-thumbnail","hentry","category-news"],"acf":[],"yoast_head":"<!-- This site is optimized with the Yoast SEO plugin v27.1.1 - https:\/\/yoast.com\/product\/yoast-seo-wordpress\/ -->\n<title>Webidentity s&#039;implante \u00e0 Corcelles-Payerne - Webidentity<\/title>\n<meta name=\"robots\" content=\"index, follow, max-snippet:-1, max-image-preview:large, max-video-preview:-1\" \/>\n<link rel=\"canonical\" href=\"https:\/\/webidentity.ch\/fr\/resources\/news\/webidentity-simplante-a-corcelles-payerne\/\" \/>\n<meta property=\"og:locale\" content=\"fr_FR\" \/>\n<meta property=\"og:type\" content=\"article\" \/>\n<meta property=\"og:title\" content=\"Webidentity s&#039;implante \u00e0 Corcelles-Payerne - Webidentity\" \/>\n<meta property=\"og:description\" content=\"Notre nouvelle succursale \u00e0 Corcelles-Payerne, dans la Broye. Proche de vous, Webidentity est l\u00e0 pour accompagner la digitalisation de votre entreprise.\" \/>\n<meta property=\"og:url\" content=\"https:\/\/webidentity.ch\/fr\/resources\/news\/webidentity-simplante-a-corcelles-payerne\/\" \/>\n<meta property=\"og:site_name\" content=\"Webidentity\" \/>\n<meta property=\"article:publisher\" content=\"https:\/\/www.facebook.com\/webidentity.ch\" \/>\n<meta property=\"article:published_time\" content=\"2023-06-13T12:16:00+00:00\" \/>\n<meta property=\"article:modified_time\" content=\"2025-09-22T22:41:13+00:00\" \/>\n<meta property=\"og:image\" content=\"https:\/\/webidentity.ch\/wp-content\/uploads\/2023\/06\/webidentity-corcelles-payerne.png\" \/>\n\t<meta property=\"og:image:width\" content=\"1536\" \/>\n\t<meta property=\"og:image:height\" content=\"1024\" \/>\n\t<meta property=\"og:image:type\" content=\"image\/png\" \/>\n<meta name=\"author\" content=\"webidentity\" \/>\n<meta name=\"twitter:card\" content=\"summary_large_image\" \/>\n<meta name=\"twitter:creator\" content=\"@webidentity_ch\" \/>\n<meta name=\"twitter:site\" content=\"@webidentity_ch\" \/>\n<meta name=\"twitter:label1\" content=\"\u00c9crit par\" \/>\n\t<meta name=\"twitter:data1\" content=\"webidentity\" \/>\n\t<meta name=\"twitter:label2\" content=\"Dur\u00e9e de lecture estim\u00e9e\" \/>\n\t<meta name=\"twitter:data2\" content=\"1 minute\" \/>\n<script type=\"application\/ld+json\" class=\"yoast-schema-graph\">{\"@context\":\"https:\/\/schema.org\",\"@graph\":[{\"@type\":\"Article\",\"@id\":\"https:\/\/webidentity.ch\/fr\/resources\/news\/webidentity-simplante-a-corcelles-payerne\/#article\",\"isPartOf\":{\"@id\":\"https:\/\/webidentity.ch\/fr\/resources\/news\/webidentity-simplante-a-corcelles-payerne\/\"},\"author\":{\"name\":\"webidentity\",\"@id\":\"https:\/\/webidentity.ch\/fr\/#\/schema\/person\/ffd32776021fc5df8a8413097a45deda\"},\"headline\":\"Webidentity s&rsquo;implante \u00e0 Corcelles-Payerne\",\"datePublished\":\"2023-06-13T12:16:00+00:00\",\"dateModified\":\"2025-09-22T22:41:13+00:00\",\"mainEntityOfPage\":{\"@id\":\"https:\/\/webidentity.ch\/fr\/resources\/news\/webidentity-simplante-a-corcelles-payerne\/\"},\"wordCount\":259,\"publisher\":{\"@id\":\"https:\/\/webidentity.ch\/fr\/#organization\"},\"image\":{\"@id\":\"https:\/\/webidentity.ch\/fr\/resources\/news\/webidentity-simplante-a-corcelles-payerne\/#primaryimage\"},\"thumbnailUrl\":\"https:\/\/webidentity.ch\/wp-content\/uploads\/2023\/06\/webidentity-corcelles-payerne.png\",\"articleSection\":[\"Vie de l\u2019entreprise\"],\"inLanguage\":\"fr-FR\"},{\"@type\":\"WebPage\",\"@id\":\"https:\/\/webidentity.ch\/fr\/resources\/news\/webidentity-simplante-a-corcelles-payerne\/\",\"url\":\"https:\/\/webidentity.ch\/fr\/resources\/news\/webidentity-simplante-a-corcelles-payerne\/\",\"name\":\"Webidentity s'implante \u00e0 Corcelles-Payerne - Webidentity\",\"isPartOf\":{\"@id\":\"https:\/\/webidentity.ch\/fr\/#website\"},\"primaryImageOfPage\":{\"@id\":\"https:\/\/webidentity.ch\/fr\/resources\/news\/webidentity-simplante-a-corcelles-payerne\/#primaryimage\"},\"image\":{\"@id\":\"https:\/\/webidentity.ch\/fr\/resources\/news\/webidentity-simplante-a-corcelles-payerne\/#primaryimage\"},\"thumbnailUrl\":\"https:\/\/webidentity.ch\/wp-content\/uploads\/2023\/06\/webidentity-corcelles-payerne.png\",\"datePublished\":\"2023-06-13T12:16:00+00:00\",\"dateModified\":\"2025-09-22T22:41:13+00:00\",\"breadcrumb\":{\"@id\":\"https:\/\/webidentity.ch\/fr\/resources\/news\/webidentity-simplante-a-corcelles-payerne\/#breadcrumb\"},\"inLanguage\":\"fr-FR\",\"potentialAction\":[{\"@type\":\"ReadAction\",\"target\":[\"https:\/\/webidentity.ch\/fr\/resources\/news\/webidentity-simplante-a-corcelles-payerne\/\"]}]},{\"@type\":\"ImageObject\",\"inLanguage\":\"fr-FR\",\"@id\":\"https:\/\/webidentity.ch\/fr\/resources\/news\/webidentity-simplante-a-corcelles-payerne\/#primaryimage\",\"url\":\"https:\/\/webidentity.ch\/wp-content\/uploads\/2023\/06\/webidentity-corcelles-payerne.png\",\"contentUrl\":\"https:\/\/webidentity.ch\/wp-content\/uploads\/2023\/06\/webidentity-corcelles-payerne.png\",\"width\":1536,\"height\":1024},{\"@type\":\"BreadcrumbList\",\"@id\":\"https:\/\/webidentity.ch\/fr\/resources\/news\/webidentity-simplante-a-corcelles-payerne\/#breadcrumb\",\"itemListElement\":[{\"@type\":\"ListItem\",\"position\":1,\"name\":\"Accueil\",\"item\":\"https:\/\/webidentity.ch\/fr\/\"},{\"@type\":\"ListItem\",\"position\":2,\"name\":\"Webidentity s&rsquo;implante \u00e0 Corcelles-Payerne\"}]},{\"@type\":\"WebSite\",\"@id\":\"https:\/\/webidentity.ch\/fr\/#website\",\"url\":\"https:\/\/webidentity.ch\/fr\/\",\"name\":\"Webidentity\",\"description\":\"IT made simple\",\"publisher\":{\"@id\":\"https:\/\/webidentity.ch\/fr\/#organization\"},\"potentialAction\":[{\"@type\":\"SearchAction\",\"target\":{\"@type\":\"EntryPoint\",\"urlTemplate\":\"https:\/\/webidentity.ch\/fr\/?s={search_term_string}\"},\"query-input\":{\"@type\":\"PropertyValueSpecification\",\"valueRequired\":true,\"valueName\":\"search_term_string\"}}],\"inLanguage\":\"fr-FR\"},{\"@type\":\"Organization\",\"@id\":\"https:\/\/webidentity.ch\/fr\/#organization\",\"name\":\"Webidentity\",\"url\":\"https:\/\/webidentity.ch\/fr\/\",\"logo\":{\"@type\":\"ImageObject\",\"inLanguage\":\"fr-FR\",\"@id\":\"https:\/\/webidentity.ch\/fr\/#\/schema\/logo\/image\/\",\"url\":\"https:\/\/webidentity.ch\/wp-content\/uploads\/2025\/07\/logo-webidentity_new-slogan-blue_2.svg\",\"contentUrl\":\"https:\/\/webidentity.ch\/wp-content\/uploads\/2025\/07\/logo-webidentity_new-slogan-blue_2.svg\",\"width\":\"1024\",\"height\":\"1024\",\"caption\":\"Webidentity\"},\"image\":{\"@id\":\"https:\/\/webidentity.ch\/fr\/#\/schema\/logo\/image\/\"},\"sameAs\":[\"https:\/\/www.facebook.com\/webidentity.ch\",\"https:\/\/x.com\/webidentity_ch\",\"https:\/\/www.linkedin.com\/company\/webidentity-sarl\"]},{\"@type\":\"Person\",\"@id\":\"https:\/\/webidentity.ch\/fr\/#\/schema\/person\/ffd32776021fc5df8a8413097a45deda\",\"name\":\"webidentity\",\"image\":{\"@type\":\"ImageObject\",\"inLanguage\":\"fr-FR\",\"@id\":\"https:\/\/webidentity.ch\/fr\/#\/schema\/person\/image\/\",\"url\":\"https:\/\/secure.gravatar.com\/avatar\/055b895e04f9af883e030c3069abd637c7b17a16298a39d9f1a76054bd626175?s=96&d=mm&r=g\",\"contentUrl\":\"https:\/\/secure.gravatar.com\/avatar\/055b895e04f9af883e030c3069abd637c7b17a16298a39d9f1a76054bd626175?s=96&d=mm&r=g\",\"caption\":\"webidentity\"},\"sameAs\":[\"https:\/\/webidentity.ch\"]}]}<\/script>\n<!-- \/ Yoast SEO plugin. -->","yoast_head_json":{"title":"Webidentity s'implante \u00e0 Corcelles-Payerne - Webidentity","robots":{"index":"index","follow":"follow","max-snippet":"max-snippet:-1","max-image-preview":"max-image-preview:large","max-video-preview":"max-video-preview:-1"},"canonical":"https:\/\/webidentity.ch\/fr\/resources\/news\/webidentity-simplante-a-corcelles-payerne\/","og_locale":"fr_FR","og_type":"article","og_title":"Webidentity s'implante \u00e0 Corcelles-Payerne - Webidentity","og_description":"Notre nouvelle succursale \u00e0 Corcelles-Payerne, dans la Broye. Proche de vous, Webidentity est l\u00e0 pour accompagner la digitalisation de votre entreprise.","og_url":"https:\/\/webidentity.ch\/fr\/resources\/news\/webidentity-simplante-a-corcelles-payerne\/","og_site_name":"Webidentity","article_publisher":"https:\/\/www.facebook.com\/webidentity.ch","article_published_time":"2023-06-13T12:16:00+00:00","article_modified_time":"2025-09-22T22:41:13+00:00","og_image":[{"width":1536,"height":1024,"url":"https:\/\/webidentity.ch\/wp-content\/uploads\/2023\/06\/webidentity-corcelles-payerne.png","type":"image\/png"}],"author":"webidentity","twitter_card":"summary_large_image","twitter_creator":"@webidentity_ch","twitter_site":"@webidentity_ch","twitter_misc":{"\u00c9crit par":"webidentity","Dur\u00e9e de lecture estim\u00e9e":"1 minute"},"schema":{"@context":"https:\/\/schema.org","@graph":[{"@type":"Article","@id":"https:\/\/webidentity.ch\/fr\/resources\/news\/webidentity-simplante-a-corcelles-payerne\/#article","isPartOf":{"@id":"https:\/\/webidentity.ch\/fr\/resources\/news\/webidentity-simplante-a-corcelles-payerne\/"},"author":{"name":"webidentity","@id":"https:\/\/webidentity.ch\/fr\/#\/schema\/person\/ffd32776021fc5df8a8413097a45deda"},"headline":"Webidentity s&rsquo;implante \u00e0 Corcelles-Payerne","datePublished":"2023-06-13T12:16:00+00:00","dateModified":"2025-09-22T22:41:13+00:00","mainEntityOfPage":{"@id":"https:\/\/webidentity.ch\/fr\/resources\/news\/webidentity-simplante-a-corcelles-payerne\/"},"wordCount":259,"publisher":{"@id":"https:\/\/webidentity.ch\/fr\/#organization"},"image":{"@id":"https:\/\/webidentity.ch\/fr\/resources\/news\/webidentity-simplante-a-corcelles-payerne\/#primaryimage"},"thumbnailUrl":"https:\/\/webidentity.ch\/wp-content\/uploads\/2023\/06\/webidentity-corcelles-payerne.png","articleSection":["Vie de l\u2019entreprise"],"inLanguage":"fr-FR"},{"@type":"WebPage","@id":"https:\/\/webidentity.ch\/fr\/resources\/news\/webidentity-simplante-a-corcelles-payerne\/","url":"https:\/\/webidentity.ch\/fr\/resources\/news\/webidentity-simplante-a-corcelles-payerne\/","name":"Webidentity s'implante \u00e0 Corcelles-Payerne - Webidentity","isPartOf":{"@id":"https:\/\/webidentity.ch\/fr\/#website"},"primaryImageOfPage":{"@id":"https:\/\/webidentity.ch\/fr\/resources\/news\/webidentity-simplante-a-corcelles-payerne\/#primaryimage"},"image":{"@id":"https:\/\/webidentity.ch\/fr\/resources\/news\/webidentity-simplante-a-corcelles-payerne\/#primaryimage"},"thumbnailUrl":"https:\/\/webidentity.ch\/wp-content\/uploads\/2023\/06\/webidentity-corcelles-payerne.png","datePublished":"2023-06-13T12:16:00+00:00","dateModified":"2025-09-22T22:41:13+00:00","breadcrumb":{"@id":"https:\/\/webidentity.ch\/fr\/resources\/news\/webidentity-simplante-a-corcelles-payerne\/#breadcrumb"},"inLanguage":"fr-FR","potentialAction":[{"@type":"ReadAction","target":["https:\/\/webidentity.ch\/fr\/resources\/news\/webidentity-simplante-a-corcelles-payerne\/"]}]},{"@type":"ImageObject","inLanguage":"fr-FR","@id":"https:\/\/webidentity.ch\/fr\/resources\/news\/webidentity-simplante-a-corcelles-payerne\/#primaryimage","url":"https:\/\/webidentity.ch\/wp-content\/uploads\/2023\/06\/webidentity-corcelles-payerne.png","contentUrl":"https:\/\/webidentity.ch\/wp-content\/uploads\/2023\/06\/webidentity-corcelles-payerne.png","width":1536,"height":1024},{"@type":"BreadcrumbList","@id":"https:\/\/webidentity.ch\/fr\/resources\/news\/webidentity-simplante-a-corcelles-payerne\/#breadcrumb","itemListElement":[{"@type":"ListItem","position":1,"name":"Accueil","item":"https:\/\/webidentity.ch\/fr\/"},{"@type":"ListItem","position":2,"name":"Webidentity s&rsquo;implante \u00e0 Corcelles-Payerne"}]},{"@type":"WebSite","@id":"https:\/\/webidentity.ch\/fr\/#website","url":"https:\/\/webidentity.ch\/fr\/","name":"Webidentity","description":"IT made simple","publisher":{"@id":"https:\/\/webidentity.ch\/fr\/#organization"},"potentialAction":[{"@type":"SearchAction","target":{"@type":"EntryPoint","urlTemplate":"https:\/\/webidentity.ch\/fr\/?s={search_term_string}"},"query-input":{"@type":"PropertyValueSpecification","valueRequired":true,"valueName":"search_term_string"}}],"inLanguage":"fr-FR"},{"@type":"Organization","@id":"https:\/\/webidentity.ch\/fr\/#organization","name":"Webidentity","url":"https:\/\/webidentity.ch\/fr\/","logo":{"@type":"ImageObject","inLanguage":"fr-FR","@id":"https:\/\/webidentity.ch\/fr\/#\/schema\/logo\/image\/","url":"https:\/\/webidentity.ch\/wp-content\/uploads\/2025\/07\/logo-webidentity_new-slogan-blue_2.svg","contentUrl":"https:\/\/webidentity.ch\/wp-content\/uploads\/2025\/07\/logo-webidentity_new-slogan-blue_2.svg","width":"1024","height":"1024","caption":"Webidentity"},"image":{"@id":"https:\/\/webidentity.ch\/fr\/#\/schema\/logo\/image\/"},"sameAs":["https:\/\/www.facebook.com\/webidentity.ch","https:\/\/x.com\/webidentity_ch","https:\/\/www.linkedin.com\/company\/webidentity-sarl"]},{"@type":"Person","@id":"https:\/\/webidentity.ch\/fr\/#\/schema\/person\/ffd32776021fc5df8a8413097a45deda","name":"webidentity","image":{"@type":"ImageObject","inLanguage":"fr-FR","@id":"https:\/\/webidentity.ch\/fr\/#\/schema\/person\/image\/","url":"https:\/\/secure.gravatar.com\/avatar\/055b895e04f9af883e030c3069abd637c7b17a16298a39d9f1a76054bd626175?s=96&d=mm&r=g","contentUrl":"https:\/\/secure.gravatar.com\/avatar\/055b895e04f9af883e030c3069abd637c7b17a16298a39d9f1a76054bd626175?s=96&d=mm&r=g","caption":"webidentity"},"sameAs":["https:\/\/webidentity.ch"]}]}},"_links":{"self":[{"href":"https:\/\/webidentity.ch\/fr\/wp-json\/wp\/v2\/posts\/437","targetHints":{"allow":["GET"]}}],"collection":[{"href":"https:\/\/webidentity.ch\/fr\/wp-json\/wp\/v2\/posts"}],"about":[{"href":"https:\/\/webidentity.ch\/fr\/wp-json\/wp\/v2\/types\/post"}],"author":[{"embeddable":true,"href":"https:\/\/webidentity.ch\/fr\/wp-json\/wp\/v2\/users\/1"}],"replies":[{"embeddable":true,"href":"https:\/\/webidentity.ch\/fr\/wp-json\/wp\/v2\/comments?post=437"}],"version-history":[{"count":1,"href":"https:\/\/webidentity.ch\/fr\/wp-json\/wp\/v2\/posts\/437\/revisions"}],"predecessor-version":[{"id":439,"href":"https:\/\/webidentity.ch\/fr\/wp-json\/wp\/v2\/posts\/437\/revisions\/439"}],"wp:featuredmedia":[{"embeddable":true,"href":"https:\/\/webidentity.ch\/fr\/wp-json\/wp\/v2\/media\/447"}],"wp:attachment":[{"href":"https:\/\/webidentity.ch\/fr\/wp-json\/wp\/v2\/media?parent=437"}],"wp:term":[{"taxonomy":"category","embeddable":true,"href":"https:\/\/webidentity.ch\/fr\/wp-json\/wp\/v2\/categories?post=437"},{"taxonomy":"post_tag","embeddable":true,"href":"https:\/\/webidentity.ch\/fr\/wp-json\/wp\/v2\/tags?post=437"}],"curies":[{"name":"wp","href":"https:\/\/api.w.org\/{rel}","templated":true}]}}